{"id":622,"__str__":"Indica\u00e7\u00e3o n\u00ba 621 de 2025","link_detail_backend":"/materia/622","metadata":{},"numero":621,"ano":2025,"numero_protocolo":null,"data_apresentacao":"2025-04-08","tipo_apresentacao":"E","data_publicacao":null,"numero_origem_externa":"","ano_origem_externa":null,"data_origem_externa":null,"apelido":"","dias_prazo":null,"data_fim_prazo":null,"em_tramitacao":false,"polemica":false,"objeto":"","complementar":false,"ementa":"INDICA A CHEFE DO PODER EXECUTIVO MUNICIPAL, EXCELENT\u00cdSSIMA SENHORA PREFEITA RAIMUNDA NILDA DA SILVA, EXTENSIVO A SECRETARIA MUNICIPAL DE SEGURAN\u00c7A, DEFESA SOCIAL E MOBILIDADE URBANA (SESDEM) A CRIA\u00c7\u00c3O DE UMA CAMPANHA DE CONSCIENTIZA\u00c7\u00c3O PARA O USO DEVIDO DAS VAGAS DE ESTACIONAMENTOEXCLUSIVA PARA IDOSOS E PESSOAS COM DEFICI\u00caNCIA.","indexacao":"","observacao":"","resultado":"","texto_original":"http://sapl.parnamirim.rn.leg.br/media/sapl/public/materialegislativa/2025/622/indicacao_n_621.2025.pdf","data_ultima_atualizacao":"2025-10-13T08:59:56.345353-03:00","ip":"187.19.224.195","ultima_edicao":"2025-10-13T08:58:22.762229-03:00","tipo":6,"regime_tramitacao":1,"tipo_origem_externa":null,"local_origem_externa":1,"user":4,"anexadas":[],"autores":[24]}