{"id":5747,"__str__":"Requerimento n\u00ba 125 de 2023","link_detail_backend":"/materia/5747","metadata":{},"numero":125,"ano":2023,"numero_protocolo":null,"data_apresentacao":"2023-10-31","tipo_apresentacao":"E","data_publicacao":null,"numero_origem_externa":"","ano_origem_externa":null,"data_origem_externa":null,"apelido":"","dias_prazo":null,"data_fim_prazo":null,"em_tramitacao":false,"polemica":false,"objeto":"","complementar":false,"ementa":"REQUER A CONVOCA\u00c7\u00c3O DE SESS\u00c3O SOLENE PARA HOMENAGEAR PERSONALIDADES QUE PRESTAM SERVI\u00c7OS AO MUNIC\u00cdPIO: SERVI\u00c7O COMUNIT\u00c1RIO E VOLUNT\u00c1RIO, CONTRIBUI\u00c7\u00d5ES PARA EDUCA\u00c7\u00c3O, REALIZA\u00c7\u00d5ES CULTURAIS E ART\u00cdSTICAS, CONTRIBUI\u00c7\u00d5ES PARA A SA\u00daDE E BEM ESTAR DA COMUNIDADE E OUTROS ATOS NOT\u00c1VEIS EM PROL DO MUNIC\u00cdPIO.","indexacao":"","observacao":"","resultado":"","texto_original":"http://sapl.parnamirim.rn.leg.br/media/sapl/public/materialegislativa/2023/5747/requerimento_legislativo_no_125.2023_ver._diego_americo.pdf","data_ultima_atualizacao":"2026-04-14T17:55:18.821106-03:00","ip":"45.169.83.250","ultima_edicao":"2026-04-14T17:53:57.481783-03:00","tipo":5,"regime_tramitacao":1,"tipo_origem_externa":null,"local_origem_externa":null,"user":10,"anexadas":[],"autores":[24]}