{"id":5315,"__str__":"Requerimento n\u00ba 41 de 2023","link_detail_backend":"/materia/5315","metadata":{},"numero":41,"ano":2023,"numero_protocolo":null,"data_apresentacao":"2023-04-27","tipo_apresentacao":"E","data_publicacao":null,"numero_origem_externa":"","ano_origem_externa":null,"data_origem_externa":null,"apelido":"","dias_prazo":null,"data_fim_prazo":null,"em_tramitacao":false,"polemica":false,"objeto":"","complementar":false,"ementa":"REQUER OUVIDO O PLEN\u00c1RIO, AUTORIZA\u00c7\u00c3O PARA INCLUIR EM PAUTA, O PROJETO DE LEI N\u00ba 216/2022, QUE INSTITUI NO \u00c2MBITO DA C\u00c2MARA MUNICIPAL DE PARNAMIRIM/RN, O PROGRAMA \u201cA C\u00c2MARA VAI \u00c0 ESCOLA\u201d.","indexacao":"","observacao":"","resultado":"","texto_original":"http://sapl.parnamirim.rn.leg.br/media/sapl/public/materialegislativa/2023/5315/requerimento_legislativo_no_041.2023_ver._gustavo_negocio.pdf","data_ultima_atualizacao":"2026-04-06T13:36:19.821643-03:00","ip":"45.169.83.250","ultima_edicao":"2026-04-06T13:35:14.866644-03:00","tipo":5,"regime_tramitacao":1,"tipo_origem_externa":null,"local_origem_externa":null,"user":10,"anexadas":[],"autores":[44]}