{"id":5299,"__str__":"Requerimento n\u00ba 25 de 2023","link_detail_backend":"/materia/5299","metadata":{},"numero":25,"ano":2023,"numero_protocolo":null,"data_apresentacao":"2023-04-05","tipo_apresentacao":"E","data_publicacao":null,"numero_origem_externa":"","ano_origem_externa":null,"data_origem_externa":null,"apelido":"","dias_prazo":null,"data_fim_prazo":null,"em_tramitacao":false,"polemica":false,"objeto":"","complementar":false,"ementa":"REQUER QUE SEJA RETIRADO DE PAUTA, POR MOTIVOS DE AJUSTE T\u00c9CNICO, O PROJETO DE LEI N\u00ba 113/2022, QUE DISP\u00d5E SOBRE A GARANTIA DA PRESTA\u00c7\u00c3O DE ASSIST\u00caNCIA PSICOSSOCIAL NAS ESCOLAS MUNICIPAIS DO MUNIC\u00cdPIO DE PARNAMIRIM/RN.","indexacao":"","observacao":"","resultado":"","texto_original":"http://sapl.parnamirim.rn.leg.br/media/sapl/public/materialegislativa/2023/5299/requerimento_legislativo_no_025.2023_ver._gabriel_cesar.pdf","data_ultima_atualizacao":"2026-04-01T18:01:13.657586-03:00","ip":"45.169.83.250","ultima_edicao":"2026-04-01T18:00:02.880480-03:00","tipo":5,"regime_tramitacao":1,"tipo_origem_externa":null,"local_origem_externa":null,"user":10,"anexadas":[],"autores":[14]}