{"id":5292,"__str__":"Requerimento n\u00ba 18 de 2023","link_detail_backend":"/materia/5292","metadata":{},"numero":18,"ano":2023,"numero_protocolo":null,"data_apresentacao":"2023-03-23","tipo_apresentacao":"E","data_publicacao":null,"numero_origem_externa":"","ano_origem_externa":null,"data_origem_externa":null,"apelido":"","dias_prazo":null,"data_fim_prazo":null,"em_tramitacao":false,"polemica":false,"objeto":"","complementar":false,"ementa":"REQUER QUE SEJA REALIZADA AUDI\u00caNCIA P\u00daBLICA COM O TEMA: POLITICAS P\u00daBLICAS PARA CRIAN\u00c7AS COM TRANSTONO DO ESPECTRO AUTISTA (TEA), E DISCURS\u00c3O DE UMA REDE DE PROTE\u00c7\u00c3O INTEGRAL PARA TRATAMENTO DE CRIAN\u00c7AS COM TEA NO NOSSO MUNIC\u00cdPIO COM FINALIDADE DE ENCONTRAR ALTERNATIVAS, OPINI\u00d5ES E SOLU\u00c7\u00d5ES PARA A PRESTA\u00c7\u00c3O DE SERVI\u00c7O E ATEN\u00c7\u00c3O DO NOSSO MUNIC\u00cdPIO PARA COM AS CRIAN\u00c7AS DE TEA.","indexacao":"","observacao":"","resultado":"","texto_original":"http://sapl.parnamirim.rn.leg.br/media/sapl/public/materialegislativa/2023/5292/requerimento_legislativo_no_018.2023_ver._carol_e_ver_gabriel.pdf","data_ultima_atualizacao":"2026-04-01T17:43:56.289176-03:00","ip":"45.169.83.250","ultima_edicao":"2026-04-01T17:42:28.322567-03:00","tipo":5,"regime_tramitacao":1,"tipo_origem_externa":null,"local_origem_externa":null,"user":10,"anexadas":[],"autores":[10,14]}