{"id":5286,"__str__":"Requerimento n\u00ba 11 de 2023","link_detail_backend":"/materia/5286","metadata":{},"numero":11,"ano":2023,"numero_protocolo":null,"data_apresentacao":"2023-03-01","tipo_apresentacao":"E","data_publicacao":null,"numero_origem_externa":"","ano_origem_externa":null,"data_origem_externa":null,"apelido":"","dias_prazo":null,"data_fim_prazo":null,"em_tramitacao":false,"polemica":false,"objeto":"","complementar":false,"ementa":"REQUER, EM CONFORMIDADE COM O DISPOSTO NO ARTIGO 150 DO REGIMENTO INTERNO DESTA CASA DE LEIS, PARA QUE SEJA SUBMETIDO \u00c0 DELIBERA\u00c7\u00c3O DO PLEN\u00c1RIO, A SOLICITA\u00c7\u00c3O DE UMA AUDI\u00caNCIA P\u00daBLICA EM DATA A SER DETERMINADA, PARA TRATAR DO SEGUINTE TEMA: \u201cATEN\u00c7\u00c3O \u00c0 EDUCA\u00c7\u00c3O ESPECIAL\u201d.","indexacao":"","observacao":"","resultado":"","texto_original":"http://sapl.parnamirim.rn.leg.br/media/sapl/public/materialegislativa/2023/5286/requerimento_legislativo_no_011.2023_ver._gabriel_cesar.pdf","data_ultima_atualizacao":"2026-04-01T17:24:00.626126-03:00","ip":"45.169.83.250","ultima_edicao":"2026-04-01T17:22:34.445745-03:00","tipo":5,"regime_tramitacao":1,"tipo_origem_externa":null,"local_origem_externa":null,"user":10,"anexadas":[],"autores":[14]}