{"id":5144,"__str__":"Projeto de Lei Ordin\u00e1ria n\u00ba 40 de 2026","link_detail_backend":"/materia/5144","metadata":{},"numero":40,"ano":2026,"numero_protocolo":null,"data_apresentacao":"2026-03-25","tipo_apresentacao":"E","data_publicacao":null,"numero_origem_externa":"","ano_origem_externa":null,"data_origem_externa":null,"apelido":"","dias_prazo":null,"data_fim_prazo":null,"em_tramitacao":true,"polemica":false,"objeto":"","complementar":false,"ementa":"INSTITUI O DIA DE CONSCIENTIZA\u00c7\u00c3O SOBRE DOEN\u00c7AS RARAS NO \u00c2MBITO DO MUNIC\u00cdPIO DE PARNAMIRIM/RN E D\u00c1 OUTRAS PROVID\u00caNCIAS.","indexacao":"","observacao":"","resultado":"","texto_original":"http://sapl.parnamirim.rn.leg.br/media/sapl/public/materialegislativa/2026/5144/projeto_de_lei_no040.2026_ver._michael_borges.pdf","data_ultima_atualizacao":"2026-03-24T17:38:12.793070-03:00","ip":"45.169.83.250","ultima_edicao":"2026-03-24T11:38:25.496643-03:00","tipo":3,"regime_tramitacao":1,"tipo_origem_externa":null,"local_origem_externa":null,"user":10,"anexadas":[],"autores":[33]}