{"id":5120,"__str__":"Mo\u00e7\u00e3o de Aplauso n\u00ba 233 de 2025","link_detail_backend":"/materia/5120","metadata":{},"numero":233,"ano":2025,"numero_protocolo":null,"data_apresentacao":"2025-12-18","tipo_apresentacao":"E","data_publicacao":null,"numero_origem_externa":"","ano_origem_externa":null,"data_origem_externa":null,"apelido":"","dias_prazo":null,"data_fim_prazo":null,"em_tramitacao":false,"polemica":false,"objeto":"","complementar":false,"ementa":"A MESA DIRETORA DA C\u00c2MARA MUNICIPAL DE PARNAMIRIM/RN VEM, NOS TERMOS REGIMENTAIS, APRESENTAR MO\u00c7\u00c3O DE APLAUSOS \u00c0 SRA. SUZETE MIRANDA RAMALHO DE SOUZA, TRADUTORA-INT\u00c9RPRETE DE L\u00cdNGUA BRASILEIRA DE SINAIS \u2013 LIBRAS, PROFISSIONAL EFETIVA DO QUADRO DE SERVIDORES DESTA CASA LEGISLATIVA, PELA CELEBRA\u00c7\u00c3O DO DIA MUNICIPAL DO PROFISSIONAL DE LIBRAS (24 DE ABRIL) E DA SEMANA MUNICIPAL DE CONSCIENTIZA\u00c7\u00c3O E DIVULGA\u00c7\u00c3O DA LIBRAS.","indexacao":"","observacao":"","resultado":"","texto_original":null,"data_ultima_atualizacao":"2026-03-23T12:33:51.975340-03:00","ip":"45.169.83.250","ultima_edicao":"2026-03-23T12:28:41.769796-03:00","tipo":13,"regime_tramitacao":1,"tipo_origem_externa":null,"local_origem_externa":null,"user":4,"anexadas":[],"autores":[36]}