{"id":4863,"__str__":"Projeto de Lei Ordin\u00e1ria n\u00ba 24 de 2026","link_detail_backend":"/materia/4863","metadata":{},"numero":24,"ano":2026,"numero_protocolo":null,"data_apresentacao":"2026-03-10","tipo_apresentacao":"E","data_publicacao":null,"numero_origem_externa":"","ano_origem_externa":null,"data_origem_externa":null,"apelido":"","dias_prazo":null,"data_fim_prazo":null,"em_tramitacao":true,"polemica":false,"objeto":"","complementar":false,"ementa":"INSTITUI O DIA MUNDIAL DA SA\u00daDE NOCALEND\u00c1RIO OFICIAL DE EVENTOS DO MUNIC\u00cdPIO DE PARNAMIRIM/RN, E D\u00c1 OUTRAS PROVID\u00caNCIAS.","indexacao":"","observacao":"","resultado":"","texto_original":"http://sapl.parnamirim.rn.leg.br/media/sapl/public/materialegislativa/2026/4863/projeto_de_lei_no024.2026_ver._michael_borges.pdf","data_ultima_atualizacao":"2026-03-09T12:50:21.861499-03:00","ip":"45.169.83.250","ultima_edicao":"2026-03-09T12:45:37.827497-03:00","tipo":3,"regime_tramitacao":1,"tipo_origem_externa":null,"local_origem_externa":null,"user":8,"anexadas":[],"autores":[33]}