{"id":4761,"__str__":"Projeto de Lei Complementar n\u00ba 25 de 2023","link_detail_backend":"/materia/4761","metadata":{},"numero":25,"ano":2023,"numero_protocolo":null,"data_apresentacao":"2023-12-12","tipo_apresentacao":"E","data_publicacao":null,"numero_origem_externa":"","ano_origem_externa":null,"data_origem_externa":null,"apelido":"","dias_prazo":null,"data_fim_prazo":null,"em_tramitacao":false,"polemica":false,"objeto":"","complementar":false,"ementa":"ALTERA O CAPUT DO ART. 11 DA LEI COMPLEMENTAR N\u00ba 155, DE 06 DE AGOSTO DE 2019 PARA PREVER A CRIA\u00c7\u00c3O DE MAIS TR\u00caS CARGOS DE VEREADOR A PARTIR DO ANO DE 2025, NO \u00c2MBITO DA C\u00c2MARA MUNICIPAL DE PARNAMIRIM/RN E CRIA OS CORRESPONDENTES CARGOS DE ASSESSORAMENTO.","indexacao":"","observacao":"","resultado":"","texto_original":"http://sapl.parnamirim.rn.leg.br/media/sapl/public/materialegislativa/2023/4761/projeto_de_lei_complementar_no025.2023_mesa_diretora.pdf","data_ultima_atualizacao":"2026-03-06T13:09:56.217946-03:00","ip":"45.169.83.250","ultima_edicao":"2026-03-06T13:08:31.735595-03:00","tipo":1,"regime_tramitacao":1,"tipo_origem_externa":null,"local_origem_externa":null,"user":6,"anexadas":[],"autores":[36]}