{"id":4738,"__str__":"Projeto de Resolu\u00e7\u00e3o n\u00ba 42 de 2025","link_detail_backend":"/materia/4738","metadata":{},"numero":42,"ano":2025,"numero_protocolo":null,"data_apresentacao":"2025-12-11","tipo_apresentacao":"E","data_publicacao":null,"numero_origem_externa":"","ano_origem_externa":null,"data_origem_externa":null,"apelido":"","dias_prazo":null,"data_fim_prazo":null,"em_tramitacao":false,"polemica":false,"objeto":"","complementar":false,"ementa":"CRIA COMISS\u00c3O TEMPOR\u00c1RIA DE REPRESENTA\u00c7\u00c3O SOCIAL \u201cCOMISS\u00c3O DE RECESSO PARLAMENTAR\u201d, NO \u00c2MBITO DA C\u00c2MARA MUNICIPAL DE PARNAMIRIM/RN.","indexacao":"","observacao":"","resultado":"","texto_original":"http://sapl.parnamirim.rn.leg.br/media/sapl/public/materialegislativa/2025/4738/projeto_de_resolucao_no042.2025_mesa_diretora_-_recesso..pdf","data_ultima_atualizacao":"2026-03-06T12:35:37.884008-03:00","ip":"45.169.83.250","ultima_edicao":"2026-03-06T11:42:53.838496-03:00","tipo":7,"regime_tramitacao":1,"tipo_origem_externa":null,"local_origem_externa":null,"user":7,"anexadas":[],"autores":[36]}