{"id":4610,"__str__":"Projeto de Lei Ordin\u00e1ria n\u00ba 180 de 2023","link_detail_backend":"/materia/4610","metadata":{},"numero":180,"ano":2023,"numero_protocolo":null,"data_apresentacao":"2023-08-09","tipo_apresentacao":"E","data_publicacao":null,"numero_origem_externa":"","ano_origem_externa":null,"data_origem_externa":null,"apelido":"","dias_prazo":null,"data_fim_prazo":null,"em_tramitacao":false,"polemica":false,"objeto":"","complementar":false,"ementa":"CONCEDE ABONO ESPECIAL, NO M\u00caS DE AGOSTO DE 2023 EM RAZ\u00c3O DA CELEBRA\u00c7\u00c3O DO \u201cDIA DOS PAIS\u201d, PARA OS SERVIDORES DO QUADRO DE PESSOAL EFETIVO DA C\u00c2MARA MUNICIPAL DE PARNAMIRIM/RN, E DETERMINA OUTRAS PROVID\u00caNCIAS.","indexacao":"","observacao":"","resultado":"","texto_original":"http://sapl.parnamirim.rn.leg.br/media/sapl/public/materialegislativa/2023/4610/processo_-_projeto_de_lei_n180.2023_mesa_diretora.pdf","data_ultima_atualizacao":"2026-03-05T14:29:26.464603-03:00","ip":"45.169.83.250","ultima_edicao":"2026-03-05T14:27:48.074766-03:00","tipo":3,"regime_tramitacao":1,"tipo_origem_externa":null,"local_origem_externa":null,"user":7,"anexadas":[],"autores":[36]}