{"id":4102,"__str__":"Projeto de Lei Ordin\u00e1ria n\u00ba 87 de 2023","link_detail_backend":"/materia/4102","metadata":{},"numero":87,"ano":2023,"numero_protocolo":null,"data_apresentacao":"2023-04-19","tipo_apresentacao":"E","data_publicacao":null,"numero_origem_externa":"","ano_origem_externa":null,"data_origem_externa":null,"apelido":"","dias_prazo":null,"data_fim_prazo":null,"em_tramitacao":false,"polemica":false,"objeto":"","complementar":false,"ementa":"\u201cINSTITUI, NO \u00c2MBITO DO MUNIC\u00cdPIO DE PARNAMIRIM, O M\u00caS DE CONSCIENTIZA\u00c7\u00c3O DA DOEN\u00c7A DE PARKINSON, DENOMINADO \u201cTULIPA VERMELHA\u201d, E D\u00c1 OUTRAS PROVID\u00caNCIAS.\u201d","indexacao":"","observacao":"","resultado":"","texto_original":"http://sapl.parnamirim.rn.leg.br/media/sapl/public/materialegislativa/2023/4102/projeto_de_lei_n087_-_institui_o_mes_de_conscientizacao_da_doenca_de_parkinson_denominado_tulipa_vermelha.pdf","data_ultima_atualizacao":"2026-02-24T12:17:58.509511-03:00","ip":"45.169.83.250","ultima_edicao":"2026-02-24T12:16:03.874652-03:00","tipo":3,"regime_tramitacao":1,"tipo_origem_externa":null,"local_origem_externa":null,"user":24,"anexadas":[],"autores":[31]}