{"id":4099,"__str__":"Projeto de Lei Ordin\u00e1ria n\u00ba 13 de 2023","link_detail_backend":"/materia/4099","metadata":{},"numero":13,"ano":2023,"numero_protocolo":null,"data_apresentacao":"2023-02-10","tipo_apresentacao":"E","data_publicacao":null,"numero_origem_externa":"","ano_origem_externa":null,"data_origem_externa":null,"apelido":"","dias_prazo":null,"data_fim_prazo":null,"em_tramitacao":false,"polemica":false,"objeto":"","complementar":false,"ementa":"\"INSTITUI A COMENDA PORTA VOZ DO POVO PARA COMEMORAR O DIA DO L\u00cdDER COMUNIT\u00c1RIO NO \u00c2MBITO DA C\u00c2MARA MUNICIPAL DE PARNAMIRIM.\"","indexacao":"","observacao":"","resultado":"","texto_original":"http://sapl.parnamirim.rn.leg.br/media/sapl/public/materialegislativa/2023/4099/projeto_de_lei_n13.2023_-_institui_a_comenda_porta_voz_do_povo_para_comemorar_o_dia_do_lider_comunitario._3.pdf","data_ultima_atualizacao":"2026-02-24T11:42:17.047246-03:00","ip":"45.169.83.250","ultima_edicao":"2026-02-24T11:19:33.129494-03:00","tipo":3,"regime_tramitacao":1,"tipo_origem_externa":null,"local_origem_externa":null,"user":24,"anexadas":[],"autores":[31]}