{"id":3740,"__str__":"Projeto de Lei Ordin\u00e1ria n\u00ba 277 de 2025","link_detail_backend":"/materia/3740","metadata":{"signs":{"texto_original":{}}},"numero":277,"ano":2025,"numero_protocolo":null,"data_apresentacao":"2025-12-18","tipo_apresentacao":"E","data_publicacao":null,"numero_origem_externa":"","ano_origem_externa":null,"data_origem_externa":null,"apelido":"","dias_prazo":null,"data_fim_prazo":null,"em_tramitacao":false,"polemica":false,"objeto":"","complementar":false,"ementa":"DISP\u00d5E SOBRE A ALTERA\u00c7\u00c3O DA LEI MUNICIPAL N\u00ba2.330, DE 5 DE OUTUBRO DE 2022 COM AS ALTERA\u00c7\u00d5ES DISPOSTAS NA LEI MUNICIPAL N\u00ba2.470, DE 26 DE DEZEMBRO DE 2023, QUE TRATA DA VERBA INDENIZAT\u00d3RIA PARA O EXERC\u00cdCIO DA ATIVIDADE PARLAMENTAR NO \u00c3MBITO DA C\u00c3MARA MUNICIPAL DE PARNAMIRIM/RN.","indexacao":"","observacao":"","resultado":"","texto_original":"http://sapl.parnamirim.rn.leg.br/media/sapl/public/materialegislativa/2025/3740/processo_-_projeto_de_lei_no277.2025_-_verba_cmp.pdf","data_ultima_atualizacao":"2026-03-06T12:20:39.868714-03:00","ip":"45.169.83.250","ultima_edicao":"2026-03-06T12:20:39.156154-03:00","tipo":3,"regime_tramitacao":1,"tipo_origem_externa":null,"local_origem_externa":1,"user":9,"anexadas":[],"autores":[36]}