{"id":3727,"__str__":"Mo\u00e7\u00e3o de Pesar n\u00ba 1 de 2026","link_detail_backend":"/materia/3727","metadata":{},"numero":1,"ano":2026,"numero_protocolo":1,"data_apresentacao":"2026-02-02","tipo_apresentacao":"E","data_publicacao":null,"numero_origem_externa":"","ano_origem_externa":null,"data_origem_externa":null,"apelido":"","dias_prazo":null,"data_fim_prazo":null,"em_tramitacao":false,"polemica":false,"objeto":"","complementar":false,"ementa":"OS VEREADORES COM ASSENTO NESTA EGR\u00c9GIA CASA LEGISLATIVA, SUBSCRITOS NA FORMA REGIMENTAL EM VIG\u00caNCIA, APRESENTAM, MO\u00c7\u00c3O DE PESAR, \u00c0 SOCIEDADE PARNAMIRINENSE, NORTE-RIO-GRANDENSE E \u00c0 FAM\u00cdLIA ENLUTADA PELO FALECIMENTO DO SENHOR ANT\u00d4NIO FERNANDES MAIA.","indexacao":"","observacao":"","resultado":"","texto_original":null,"data_ultima_atualizacao":"2026-02-05T12:13:04.837085-03:00","ip":"45.169.83.250","ultima_edicao":"2026-02-05T12:13:04.741808-03:00","tipo":12,"regime_tramitacao":1,"tipo_origem_externa":null,"local_origem_externa":null,"user":7,"anexadas":[],"autores":[19,16,10,22,11,12,13,14,17,18,28,31,33,32,24,23,20,29,21,30,15]}