{"id":3142,"__str__":"Projeto de Lei Ordin\u00e1ria n\u00ba 213 de 2025","link_detail_backend":"/materia/3142","metadata":{},"numero":213,"ano":2025,"numero_protocolo":null,"data_apresentacao":"2025-09-16","tipo_apresentacao":"E","data_publicacao":null,"numero_origem_externa":"","ano_origem_externa":null,"data_origem_externa":null,"apelido":"","dias_prazo":null,"data_fim_prazo":null,"em_tramitacao":true,"polemica":false,"objeto":"","complementar":false,"ementa":"INSTITUI A IMPLANTA\u00c7\u00c3O DO PROGRAMA MUNICIPAL DE AULAS COMPLEMENTARES DE L\u00cdNGUA ESTRANGEIRA E INTERC\u00c2MBIO NO MUNIC\u00cdPIO DE PARNAMIRIM/RN E D` OUTRAS PROVID\u00caNCIAS.","indexacao":"","observacao":"","resultado":"","texto_original":"http://sapl.parnamirim.rn.leg.br/media/sapl/public/materialegislativa/2025/3142/03142__plo_213_de_2025.pdf","data_ultima_atualizacao":"2026-04-09T12:55:40.218589-03:00","ip":"187.19.224.171","ultima_edicao":"2026-04-09T12:55:39.994106-03:00","tipo":3,"regime_tramitacao":1,"tipo_origem_externa":null,"local_origem_externa":1,"user":4,"anexadas":[],"autores":[21]}