{"id":3059,"__str__":"Projeto de Lei Ordin\u00e1ria n\u00ba 130 de 2025","link_detail_backend":"/materia/3059","metadata":{},"numero":130,"ano":2025,"numero_protocolo":null,"data_apresentacao":"2025-06-03","tipo_apresentacao":"E","data_publicacao":null,"numero_origem_externa":"","ano_origem_externa":null,"data_origem_externa":null,"apelido":"","dias_prazo":null,"data_fim_prazo":null,"em_tramitacao":true,"polemica":false,"objeto":"","complementar":false,"ementa":"INCLUI NO CALEND\u00c1RIO OFICIAL DE EVENTOS DO MUNIC\u00cdPIO DE PARNAMIRIM/RN A SEMANA DE REFLEX\u00c3O SOBRE QUEST\u00d5ES RACIAIS, A SER REALIZADA ANUALMENTE NA PRIMEIRA SEMANA DO M\u00caS DE DEZEMBRO, E D\u00c1 OUTRAS PROVID\u00caNCIAS.","indexacao":"","observacao":"","resultado":"","texto_original":"http://sapl.parnamirim.rn.leg.br/media/sapl/public/materialegislativa/2025/3059/plo_130_de_2025.pdf","data_ultima_atualizacao":"2026-02-19T11:06:54.565713-03:00","ip":"187.19.224.195","ultima_edicao":"2026-02-19T11:06:54.422340-03:00","tipo":3,"regime_tramitacao":1,"tipo_origem_externa":null,"local_origem_externa":1,"user":4,"anexadas":[],"autores":[16]}