{"id":2933,"__str__":"Projeto de Lei Ordin\u00e1ria n\u00ba 4 de 2025","link_detail_backend":"/materia/2933","metadata":{},"numero":4,"ano":2025,"numero_protocolo":null,"data_apresentacao":"2025-02-11","tipo_apresentacao":"E","data_publicacao":null,"numero_origem_externa":"","ano_origem_externa":null,"data_origem_externa":null,"apelido":"","dias_prazo":null,"data_fim_prazo":null,"em_tramitacao":false,"polemica":false,"objeto":"","complementar":false,"ementa":"RECONHECE COMO PATRIM\u00d4NIO CULTURAL IMATERIAL DO MUNIC\u00cdPIO DE PARNAMIRIM/RN, A FEIRA LIVRE P\u00daBLICA DO BAIRRO DE SANTOS REIS.","indexacao":"","observacao":"","resultado":"","texto_original":"http://sapl.parnamirim.rn.leg.br/media/sapl/public/materialegislativa/2025/2933/projeto_de_lei_no04.2025_ver._michael_borges.pdf","data_ultima_atualizacao":"2026-01-04T05:10:20.930515-03:00","ip":"187.19.224.147","ultima_edicao":"2026-01-04T05:08:52.258540-03:00","tipo":3,"regime_tramitacao":1,"tipo_origem_externa":null,"local_origem_externa":1,"user":4,"anexadas":[],"autores":[33]}