{"id":2894,"__str__":"Projeto de Resolu\u00e7\u00e3o n\u00ba 28 de 2025","link_detail_backend":"/materia/2894","metadata":{},"numero":28,"ano":2025,"numero_protocolo":null,"data_apresentacao":"2025-09-10","tipo_apresentacao":"E","data_publicacao":null,"numero_origem_externa":"","ano_origem_externa":null,"data_origem_externa":null,"apelido":"","dias_prazo":null,"data_fim_prazo":null,"em_tramitacao":false,"polemica":false,"objeto":"","complementar":false,"ementa":"INSTITUI A COMENDA PROFESSOR UBIRATAN IZAIAS DE MACEDO, PROFESSOR BIRA, NO \u00c2MBITO DA C\u00c2MARA MUNICIPAL DE PARNAMIRIM/RN, EM HOMENAGEM AOS PROFISSIONAIS DE EDUCA\u00c7\u00c3O F\u00cdSICA COM RELEVANTES SERVI\u00c7OS PRESTADOS \u00c0 COMUNIDADE DO MUNIC\u00cdPIO DE PARNAMIRIM/RN.","indexacao":"","observacao":"","resultado":"","texto_original":"http://sapl.parnamirim.rn.leg.br/media/sapl/public/materialegislativa/2025/2894/projeto_de_resolucao_no_0028.2025_vereador_thiago.pdf","data_ultima_atualizacao":"2026-01-15T14:18:09.077673-03:00","ip":"187.19.224.147","ultima_edicao":"2025-12-31T12:41:06.772545-03:00","tipo":7,"regime_tramitacao":1,"tipo_origem_externa":null,"local_origem_externa":1,"user":4,"anexadas":[],"autores":[15]}