{"id":2893,"__str__":"Projeto de Resolu\u00e7\u00e3o n\u00ba 27 de 2025","link_detail_backend":"/materia/2893","metadata":{},"numero":27,"ano":2025,"numero_protocolo":null,"data_apresentacao":"2025-09-09","tipo_apresentacao":"E","data_publicacao":null,"numero_origem_externa":"","ano_origem_externa":null,"data_origem_externa":null,"apelido":"","dias_prazo":null,"data_fim_prazo":null,"em_tramitacao":false,"polemica":false,"objeto":"","complementar":false,"ementa":"DISP\u00d5E SOBRE A CRIA\u00c7\u00c3O DA COMENDA AOS AMBULANTES DE PARNAMIRIM/RN.","indexacao":"","observacao":"","resultado":"","texto_original":"http://sapl.parnamirim.rn.leg.br/media/sapl/public/materialegislativa/2025/2893/projeto_de_resolucao_no_0027.2025_vereadora_carol.pdf","data_ultima_atualizacao":"2026-01-15T14:17:38.060671-03:00","ip":"187.19.224.147","ultima_edicao":"2025-12-31T12:41:22.103178-03:00","tipo":7,"regime_tramitacao":1,"tipo_origem_externa":null,"local_origem_externa":1,"user":4,"anexadas":[],"autores":[10]}