{"id":2858,"__str__":"Requerimento n\u00ba 397 de 2025","link_detail_backend":"/materia/2858","metadata":{},"numero":397,"ano":2025,"numero_protocolo":null,"data_apresentacao":"2025-11-17","tipo_apresentacao":"E","data_publicacao":null,"numero_origem_externa":"","ano_origem_externa":null,"data_origem_externa":null,"apelido":"","dias_prazo":null,"data_fim_prazo":null,"em_tramitacao":false,"polemica":false,"objeto":"","complementar":false,"ementa":"REQUERER OUVIDO O PLEN\u00c1RIO COM FUNDAMENTO NO ARTIGO 31 DA CONSTITUI\u00c7\u00c3O FEDERAL, NO ARTIGO 39, INCISO XIX DA LEI ORG\u00c2NICA DO MUNIC\u00cdPIO DE PARNAMIRIM E NO ARTIGO 18, II DO REGIMENTO INTERNO DA C\u00c2MARA MUNICIPAL DE PARNAMIRIM, QUE SEJA ENCAMINHADO OF\u00cdCIO \u00c0 SECRETARIA MUNICIPAL DE SA\u00daDE (SESAD), SOLICITANDO O SEGUINTE PEDIDO DE INFORMA\u00c7\u00d5ES: QUAIS S\u00c3O AS LINHAS DE CUIDADO DA ATEN\u00c7\u00c3O B\u00c1SICA ATUALMENTE OFERTADAS NAS UNIDADES DE SA\u00daDE DO MUNIC\u00cdPIO? 2. EM QUAIS UNIDADES DE SA\u00daDE CADA LINHA DE CUIDADO EST\u00c1 SENDO EXECUTADA? 3. QUAIS GRUPOS, PROGRAMAS OU A\u00c7\u00d5ES COLETIVAS ENCONTRAM-SE ATIVOS EM CADA UNIDADE DE SA\u00daDE, INFORMANDO PERIODICIDADE, P\u00daBLICO-ALVO E PROFISSIONAIS RESPONS\u00c1VEIS?","indexacao":"","observacao":"","resultado":"","texto_original":"http://sapl.parnamirim.rn.leg.br/media/sapl/public/materialegislativa/2025/2858/02858__req_397_de_2025.pdf","data_ultima_atualizacao":"2026-04-09T14:08:45.427526-03:00","ip":"187.19.224.171","ultima_edicao":"2026-04-09T14:08:45.263471-03:00","tipo":5,"regime_tramitacao":1,"tipo_origem_externa":null,"local_origem_externa":1,"user":4,"anexadas":[],"autores":[15]}