{"id":2686,"__str__":"Requerimento n\u00ba 225 de 2025","link_detail_backend":"/materia/2686","metadata":{},"numero":225,"ano":2025,"numero_protocolo":null,"data_apresentacao":"2025-08-12","tipo_apresentacao":"E","data_publicacao":null,"numero_origem_externa":"","ano_origem_externa":null,"data_origem_externa":null,"apelido":"","dias_prazo":null,"data_fim_prazo":null,"em_tramitacao":false,"polemica":false,"objeto":"","complementar":false,"ementa":"REQUER, AP\u00d3S OUVIDO O PLEN\u00c1RIO, QUE SEJA ENCAMINHADO O PRESENTE EXPEDIENTE \u00c0 SECRETARIA MUNICIPAL DE ASSIST\u00caNCIA SOCIAL \u2013 SEMAS, SOLICITANDO AS SEGUINTES INFORMA\u00c7\u00d5ES RELATIVAS AOS 12 COMPUTADORES DISPONIBILIZADOS AO PROGRAMA VIVER \u2013 ENVELHECIMENTO ATIVO E SAUD\u00c1VEL: 1.QUAL A ATUAL SITUA\u00c7\u00c3O DOS 12 COMPUTADORES DESTINADOS AO REFERIDO PROGRAMA? 2.OS EQUIPAMENTOS EST\u00c3O EM USO? SE SIM, ONDE EST\u00c3O SENDO UTILIZADOS E POR QUAIS GRUPOS DE IDOSOS? 3.CASO N\u00c3O ESTEJAM EM FUNCIONAMENTO, QUAL O MOTIVO DA INATIVIDADE? H\u00c1 PREVIS\u00c3O DE USO OU REDISTRIBUI\u00c7\u00c3O? 4.EXISTE PLANEJAMENTO PARA A CAPACITA\u00c7\u00c3O DOS BENEFICI\u00c1RIOS E PROFISSIONAIS QUANTO AO USO DESSES EQUIPAMENTOS? 5.H\u00c1 REGISTRO DE ATIVIDADES DESENVOLVIDAS COM O APOIO DESSES COMPUTADORES? FAVOR ENVIAR, SE POSS\u00cdVEL, RELAT\u00d3RIO DE UTILIZA\u00c7\u00c3O OU PLANEJAMENTO.","indexacao":"","observacao":"","resultado":"","texto_original":"http://sapl.parnamirim.rn.leg.br/media/sapl/public/materialegislativa/2025/2686/requqerimento_legislativo_no225.2025_ver._thiago_fernandes.pdf","data_ultima_atualizacao":"2026-03-17T17:45:32.762481-03:00","ip":"187.19.224.195","ultima_edicao":"2026-03-17T17:45:32.619855-03:00","tipo":5,"regime_tramitacao":1,"tipo_origem_externa":null,"local_origem_externa":1,"user":4,"anexadas":[],"autores":[15]}