{"id":2660,"__str__":"Requerimento n\u00ba 199 de 2025","link_detail_backend":"/materia/2660","metadata":{},"numero":199,"ano":2025,"numero_protocolo":null,"data_apresentacao":"2025-07-15","tipo_apresentacao":"E","data_publicacao":null,"numero_origem_externa":"","ano_origem_externa":null,"data_origem_externa":null,"apelido":"","dias_prazo":null,"data_fim_prazo":null,"em_tramitacao":false,"polemica":false,"objeto":"","complementar":false,"ementa":"REQUERER, OUVIDO O PLEN\u00c1RIO, COM FUNDAMENTO NO ARTIGO 31, DA CONSTITUI\u00c7\u00c3O FEDERAL, NO ARTIGO 39, DA LEI ORG\u00c2NICA DO MUNIC\u00cdPIO DE PARNAMIRIM, E NO ARTIGO 150, \u00a75\u00ba, INCISOS VII E VIII DO REGIMENTO INTERNO DA C\u00c2MARA MUNICIPAL DE PARNAMIRIM, A REALIZA\u00c7\u00c3O AUDI\u00caNCIA P\u00daBLICA COM O TEMA: LINHA DE CUIDADO \u00c0S PESSOAS COM TROMBOFILIA NO \u00c2MBITO DO MUNIC\u00cdPIO DE PARNAMIRIM/RN.","indexacao":"","observacao":"","resultado":"","texto_original":"http://sapl.parnamirim.rn.leg.br/media/sapl/public/materialegislativa/2025/2660/02660__req_199_de_2025.pdf","data_ultima_atualizacao":"2026-04-09T13:23:10.329746-03:00","ip":"187.19.224.171","ultima_edicao":"2026-04-09T13:23:10.139237-03:00","tipo":5,"regime_tramitacao":1,"tipo_origem_externa":null,"local_origem_externa":1,"user":4,"anexadas":[],"autores":[33]}