{"id":2621,"__str__":"Requerimento n\u00ba 160 de 2025","link_detail_backend":"/materia/2621","metadata":{},"numero":160,"ano":2025,"numero_protocolo":null,"data_apresentacao":"2025-09-30","tipo_apresentacao":"E","data_publicacao":null,"numero_origem_externa":"","ano_origem_externa":null,"data_origem_externa":null,"apelido":"","dias_prazo":null,"data_fim_prazo":null,"em_tramitacao":false,"polemica":false,"objeto":"","complementar":false,"ementa":"REQUERER, NOS TERMOS DO ART. 100 DO REGIMENTO INTERNO DESTA CASA LEGISLATIVA E OUVIDO O PLEN\u00c1RIO, QUE SEJA REALIZADA UMA SESS\u00c3O SOLENE NO M\u00caS DE SETEMBRO DO CORRENTE ANO, EM ALUS\u00c3O AO \u201cSETEMBRO VERDE\u201d, M\u00caS DEDICADO \u00c0 INCLUS\u00c3O DA PESSOA COM DEFICI\u00caNCIA.","indexacao":"","observacao":"","resultado":"","texto_original":"http://sapl.parnamirim.rn.leg.br/media/sapl/public/materialegislativa/2025/2621/req_160_de_2025.pdf","data_ultima_atualizacao":"2026-03-17T16:47:44.667162-03:00","ip":"187.19.224.195","ultima_edicao":"2026-03-17T16:47:44.503422-03:00","tipo":5,"regime_tramitacao":1,"tipo_origem_externa":null,"local_origem_externa":1,"user":4,"anexadas":[],"autores":[20]}