{"id":2468,"__str__":"Requerimento n\u00ba 8 de 2025","link_detail_backend":"/materia/2468","metadata":{},"numero":8,"ano":2025,"numero_protocolo":null,"data_apresentacao":"2025-02-11","tipo_apresentacao":"E","data_publicacao":null,"numero_origem_externa":"","ano_origem_externa":null,"data_origem_externa":null,"apelido":"","dias_prazo":null,"data_fim_prazo":null,"em_tramitacao":false,"polemica":false,"objeto":"","complementar":false,"ementa":"REQUERER, OUVIDO O PLEN\u00c1RIO, COM FUNDAMENTO NO ARTIGO 31, DA CONSTITUI\u00c7\u00c3O FEDERAL, NO ARTIGO 39, DA LEI ORG\u00c2NICA DO MUNIC\u00cdPIO DE PARNAMIRIM, E NO ARTIGO 150, DO REGIMENTO INTERNO DA C\u00c2MARA MUNICIPAL DE PARNAMIRIM, AUTORIZA\u00c7\u00c3O PARA REALIZA\u00c7\u00c3O DE UMA SESS\u00c3O SOLENE, EM HOMENAGEM A 12\u00aa CONFER\u00caNCIA ALUSIVA AO DIA INTERNACIONAL DA FAM\u00cdLIA.","indexacao":"","observacao":"","resultado":"","texto_original":"http://sapl.parnamirim.rn.leg.br/media/sapl/public/materialegislativa/2025/2468/req_008_de_2025.pdf","data_ultima_atualizacao":"2026-03-17T15:24:35.547058-03:00","ip":"187.19.224.195","ultima_edicao":"2026-03-17T15:24:35.396052-03:00","tipo":5,"regime_tramitacao":1,"tipo_origem_externa":null,"local_origem_externa":1,"user":4,"anexadas":[],"autores":[32]}