{"id":2361,"__str__":"Mo\u00e7\u00e3o de Aplauso n\u00ba 127 de 2025","link_detail_backend":"/materia/2361","metadata":{},"numero":127,"ano":2025,"numero_protocolo":null,"data_apresentacao":"2025-08-06","tipo_apresentacao":"E","data_publicacao":null,"numero_origem_externa":"","ano_origem_externa":null,"data_origem_externa":null,"apelido":"","dias_prazo":null,"data_fim_prazo":null,"em_tramitacao":false,"polemica":false,"objeto":"","complementar":false,"ementa":"MO\u00c7\u00c3O DE APLAUSOS \u00c0 SRA. JEANE CARLA DE ARA\u00daJO, VISITADORA DO PROGRAMA CRIAN\u00c7A FELIZ DE PARNAMIRIM, PELOS RELEVANTES SERVI\u00c7OS PRESTADOS COM DEDICA\u00c7\u00c3O, SENSIBILIDADE E COMPROMISSO \u00c0 PROMO\u00c7\u00c3O DO DESENVOLVIMENTO INTEGRAL DA PRIMEIRA INF\u00c2NCIA NO MUNIC\u00cdPIO.","indexacao":"","observacao":"","resultado":"","texto_original":"http://sapl.parnamirim.rn.leg.br/media/sapl/public/materialegislativa/2025/2361/02361__mocao_de_aplausos_no127.2025_ver._thiago_fernandes.pdf","data_ultima_atualizacao":"2026-04-10T03:55:10.257556-03:00","ip":"187.19.224.171","ultima_edicao":"2026-04-10T03:55:10.091518-03:00","tipo":13,"regime_tramitacao":1,"tipo_origem_externa":null,"local_origem_externa":1,"user":4,"anexadas":[],"autores":[15]}