{"id":2133,"__str__":"Indica\u00e7\u00e3o n\u00ba 2114 de 2025","link_detail_backend":"/materia/2133","metadata":{},"numero":2114,"ano":2025,"numero_protocolo":null,"data_apresentacao":"2025-11-04","tipo_apresentacao":"E","data_publicacao":null,"numero_origem_externa":"","ano_origem_externa":null,"data_origem_externa":null,"apelido":"","dias_prazo":null,"data_fim_prazo":null,"em_tramitacao":false,"polemica":false,"objeto":"","complementar":false,"ementa":"INDICAR \u00c0 CHEFE DO EXECUTIVO MUNICIPAL, SRA. RAIMUNDA NILDA DA SILVA CRUZ, EXTENSIVO \u00c0 SECRETARIA MUNICIPAL DE SERVI\u00c7OS URBANOS \u2013 SEMSUR, A INSTALA\u00c7\u00c3O DE DECORA\u00c7\u00c3O E ILUMINA\u00c7\u00c3O NATALINA NA PRA\u00c7A GOVERNADOR ALU\u00cdZIO ALVES, LOCALIZADA NO CONJUNTO PARQUE INDUSTRIAL, BAIRRO DE EMA\u00daS, NESTE MUNIC\u00cdPIO.","indexacao":"","observacao":"","resultado":"","texto_original":"http://sapl.parnamirim.rn.leg.br/media/sapl/public/materialegislativa/2025/2133/02133__indicacao_n_2114.2025.pdf","data_ultima_atualizacao":"2026-04-09T21:05:34.189253-03:00","ip":"187.19.224.171","ultima_edicao":"2026-04-09T21:05:34.030071-03:00","tipo":6,"regime_tramitacao":1,"tipo_origem_externa":null,"local_origem_externa":1,"user":4,"anexadas":[],"autores":[19]}