{"id":1828,"__str__":"Indica\u00e7\u00e3o n\u00ba 1827 de 2025","link_detail_backend":"/materia/1828","metadata":{},"numero":1827,"ano":2025,"numero_protocolo":null,"data_apresentacao":"2025-09-22","tipo_apresentacao":"E","data_publicacao":null,"numero_origem_externa":"","ano_origem_externa":null,"data_origem_externa":null,"apelido":"","dias_prazo":null,"data_fim_prazo":null,"em_tramitacao":false,"polemica":false,"objeto":"","complementar":false,"ementa":"INDICA \u00c0 CHEFE DO EXECUTIVO MUNICIPAL, A SR\u00aa RAIMUNDA NILDA DA SILVA CRUZ, EXTENSIVO \u00c0 SECRETARIA MUNICIPAL DE ASSIST\u00caNCIA SOCIAL \u2013 SEMAS E  AO CONSELHO MUNICIPAL DOS DIREITOS DA CRIAN\u00c7A E DO ADOLESCENTE \u2013 COMDICA, A ADO\u00c7\u00c3O DE PROVID\u00caNCIAS NECESS\u00c1RIAS PARA A PUBLICA\u00c7\u00c3O DO EDITAL DO FUNDO DA INF\u00c2NCIA E ADOLESC\u00caNCIA (FIA) REFERENTE AO EXERC\u00cdCIO DE 2025, ASSEGURANDO A TRANSPAR\u00caNCIA E A CORRETA APLICA\u00c7\u00c3O DOS RECURSOS DESTINADOS \u00c0 EXECU\u00c7\u00c3O DE PROJETOS E A\u00c7\u00d5ES VOLTADAS \u00c0 PROMO\u00c7\u00c3O, PROTE\u00c7\u00c3O E DEFESA DOS DIREITOS DA CRIAN\u00c7A E DO ADOLESCENTE EM NOSSO MUNIC\u00cdPIO","indexacao":"","observacao":"","resultado":"","texto_original":"http://sapl.parnamirim.rn.leg.br/media/sapl/public/materialegislativa/2025/1828/01828__indicacao_n_1827.2025.pdf","data_ultima_atualizacao":"2026-04-09T17:07:08.574300-03:00","ip":"187.19.224.171","ultima_edicao":"2026-04-09T17:07:08.387463-03:00","tipo":6,"regime_tramitacao":1,"tipo_origem_externa":null,"local_origem_externa":1,"user":4,"anexadas":[],"autores":[15]}