{"id":1649,"__str__":"Indica\u00e7\u00e3o n\u00ba 1648 de 2025","link_detail_backend":"/materia/1649","metadata":{},"numero":1648,"ano":2025,"numero_protocolo":null,"data_apresentacao":"2025-09-02","tipo_apresentacao":"E","data_publicacao":null,"numero_origem_externa":"","ano_origem_externa":null,"data_origem_externa":null,"apelido":"","dias_prazo":null,"data_fim_prazo":null,"em_tramitacao":false,"polemica":false,"objeto":"","complementar":false,"ementa":"INDICAR \u00c0 CHEFE DO EXECUTIVO MUNICIPAL, EXCELENT\u00cdSSIMA SENHORA RAIMUNDA NILDA DA SILVA CRUZ, E EXTENSIVO \u00c0 SECRETARIA MUNICIPAL DE SA\u00daDE \u2013 SESAD/PARNAMIRIM, A CRIA\u00c7\u00c3O DE UM AMBULAT\u00d3RIO 24H DE SA\u00daDE MENTAL, OFERTANDO ATENDIMENTO PSICOL\u00d3GICO E PSIQUI\u00c1TRICO EMERGENCIAL, PROMOVENDO CUIDADO E PREVEN\u00c7\u00c3O.","indexacao":"","observacao":"","resultado":"","texto_original":"http://sapl.parnamirim.rn.leg.br/media/sapl/public/materialegislativa/2025/1649/indicacao_n_1648.2025.pdf","data_ultima_atualizacao":"2025-11-04T13:59:49.584348-03:00","ip":"187.19.224.195","ultima_edicao":"2025-11-04T13:59:11.125886-03:00","tipo":6,"regime_tramitacao":1,"tipo_origem_externa":null,"local_origem_externa":1,"user":4,"anexadas":[],"autores":[18]}